{"id":9334,"date":"2024-01-10T11:29:09","date_gmt":"2024-01-10T09:29:09","guid":{"rendered":"https:\/\/media-azi.md\/sergiu-prodan-televiziunile-nu-vor-putea-sa-si-dezvolte-propria-productie-de-film-televizat-daca-nu-vor-avea-acces-la-un-fond-care-sa-permita-astfel-de-productii\/"},"modified":"2024-01-10T11:29:09","modified_gmt":"2024-01-10T09:29:09","slug":"sergiu-prodan-televiziunile-nu-vor-putea-sa-si-dezvolte-propria-productie-de-film-televizat-daca-nu-vor-avea-acces-la-un-fond-care-sa-permita-astfel-de-productii","status":"publish","type":"post","link":"https:\/\/media-azi.md\/en\/sergiu-prodan-televiziunile-nu-vor-putea-sa-si-dezvolte-propria-productie-de-film-televizat-daca-nu-vor-avea-acces-la-un-fond-care-sa-permita-astfel-de-productii\/","title":{"rendered":"Sergiu Prodan: Televiziunile nu vor putea s\u0103-\u0219i dezvolte propria produc\u021bie de film televizat dac\u0103 nu vor avea acces la un fond care s\u0103 permit\u0103 astfel de produc\u021bii"},"content":{"rendered":"\n<p><strong>\u00cencep\u00e2nd cu 2024, Ministerul Culturii este autoritatea responsabil\u0103 de politicile din domeniul mass-media \u00een Republica Moldova. Totodat\u0103, pe masa institu\u021biei se afl\u0103 \u0219i alte ini\u021biative care vizeaz\u0103 direct presa. La ce etap\u0103 sunt acestea, Media Azi a \u00eencercat s\u0103 afle de la ministrul Culturii, Sergiu Prodan.<\/strong><\/p>\n\n\n\n<p><strong>Media Azi: Domnule ministru, din acest an, Ministerul Culturii devine institu\u021bia responsabil\u0103 de coordonarea politicilor mass-media \u00een Moldova. Exist\u0103 deja o claritate cu privire la ce \u00eenseamn\u0103 asta mai exact, ce atribu\u021bii urmeaz\u0103 s\u0103 \u00eendeplineasc\u0103 ministerul pe aceast\u0103 direc\u021bie, care sunt obiectivele?<\/strong><\/p>\n\n\n\n<p><strong>Sergiu Prodan:<\/strong> Suntem abia la \u00eenceputul acestui drum. Pot \u00eens\u0103 s\u0103 v\u0103 asigur c\u0103, inclusiv \u00een ceea ce \u021bine de atribu\u021bii \u0219i obiective, ne vom conduce cu stricte\u021be de stipul\u0103rile ce se con\u021bin \u00een, deocamdat\u0103, proiectul de lege cu privire la Fondul de subven\u021bionare \u00een domeniul mass-media. De\u0219i se estima c\u0103 va fi aprobat p\u00e2n\u0103 la sf\u00e2r\u0219itul lui 2023, proiectul \u00eenc\u0103 se afl\u0103 \u00een procedur\u0103 legislativ\u0103, urm\u00e2nd s\u0103 fie solu\u021bionate mai multe neclarit\u0103\u021bi ce au ap\u0103rut dup\u0103 votarea lui \u00een prima lectur\u0103.<\/p>\n\n\n\n<p><strong>La ce etap\u0103 se afl\u0103 crearea Direc\u021biei? Se \u0219tie c\u0103 domeniul media \u00een Republica Moldova se confrunt\u0103 cu o criz\u0103 de resurse umane, implicit \u00een ceea ce prive\u0219te speciali\u0219tii \u00een domeniu. A identificat deja MC aceste persoane?<\/strong><\/p>\n\n\n\n<p>\u00cen luna ianuarie 2024 vor fi f\u0103cute modific\u0103ri \u00een structura statelor de personal ale ministerului \u0219i vor fi identificate spa\u021biile necesare pentru amplasarea noii direc\u021bii. De asemenea, urmeaz\u0103 s\u0103 elabor\u0103m fi\u0219ele de post \u0219i, atunci c\u00e2nd legea va fi votat\u0103, s\u0103 anun\u021b\u0103m concursurile pentru ocuparea celor cinci pozi\u021bii din cadrul direc\u021biei. \u0218tim c\u0103 e criz\u0103 de oameni &#8211; peste tot este -, dar sper\u0103m s\u0103 identific\u0103m profesioni\u0219ti entuzia\u0219ti \u0219i ambi\u021bio\u0219i, inclusiv din societatea civil\u0103, care s\u0103 accepte provocarea \u0219i s\u0103 pun\u0103 um\u0103rul la aceast\u0103 activitate care se va \u00eent\u00e2mpla \u00een premier\u0103 \u00een Moldova.<\/p>\n\n\n\n<p><strong>Semnatarii rezolu\u021biei Forumului Mass-Media 2023 au cerut Ministerului s\u0103 pun\u0103 consecvent \u00een practic\u0103 Programul na\u021bional de dezvoltare a mass-media, aprobat de Parlament \u00eenc\u0103 \u00een iulie anul trecut. Ce le r\u0103spunde\u021bi? &nbsp;<\/strong><\/p>\n\n\n\n<p>Direc\u021bia se va axa prioritar pe realizarea acestui program \u0219i at\u00e2t Ministerul Culturii, c\u00e2t \u0219i echipa guvernamental\u0103 \u00een general, \u00eei va oferi tot sprijinul \u00een acest sens.<\/p>\n\n\n\n<figure class=\"wp-block-image size-large\"><img loading=\"lazy\" decoding=\"async\" width=\"1024\" height=\"683\" src=\"https:\/\/media-azi.md\/wp-content\/uploads\/2024\/01\/398661175_349647607576240_9045050855089713074_n-1-1024x683.jpeg\" alt=\"\" class=\"wp-image-9235\"\/><\/figure>\n\n\n\n<p><strong>C\u00e2nd totu\u0219i crede\u021bi c\u0103 va fi aprobat proiectul ce vizeaz\u0103 subven\u021bionarea mass-media \u0219i de c\u00e2nd ar putea fi deja opera\u021bional tot mecanismul?<\/strong><\/p>\n\n\n\n<p>Cum ziceam mai devreme, proiectul se afl\u0103 \u00een procedur\u0103 legislativ\u0103. Suntem \u00eencrez\u0103tori c\u0103 va fi aprobat chiar la \u00eenceputul sesiunii legislative de prim\u0103var\u0103, dup\u0103 ce vor fi eliminate toate neclarit\u0103\u021bile existente la moment.<\/p>\n\n\n\n<p><strong>Apropo de neclarit\u0103\u021bi, proiectul prevede c\u0103 bugetul Fondului va fi constituit din banii din bugetul de stat, mai exact, \u201e\u00een cuantum de 1\/4 din bugetul pe care \u00eel are Teleradio-Moldova\u201d. \u00cen avizul s\u0103u, Guvernul critic\u0103 aceast\u0103 formul\u0103 \u0219i spune c\u0103 legea nu permite \u201estabilirea leg\u0103turilor \u00eentre anumite tipuri de resurse \u0219i cheltuieli\u201d. P\u00e2n\u0103 la urm\u0103, care este formula pe care o ve\u021bi utiliza? Ave\u021bi vreo previziune cu privire la valoarea total\u0103 a acestui fond?<\/strong><\/p>\n\n\n\n<p>Este tocmai unul dintre aspectele care trebuie clarificate \u00eempreun\u0103 cu Ministerul Finan\u021belor, Guvernul \u0219i comisia parlamentar\u0103 de profil. \u00cen ceea ce prive\u0219te formula \u0219i valoarea fondului, vom merge exact pe stipul\u0103rile ce se vor reg\u0103si \u00een versiunea final\u0103 a legii. Cert e c\u0103 trebuie s\u0103 se g\u0103seasc\u0103 un compromis, un echilibru \u00eentre ceea ce solicit\u0103 Guvernul \u0219i necesit\u0103\u021bile de facto ale mass-media. Sper\u0103m \u0219i ne dorim s\u0103 avem suficien\u021bi bani pentru a face schimb\u0103ri calitative \u0219i a ajuta de facto presa.<\/p>\n\n\n\n<p><strong>Proiectele prezentate de institu\u021biile mass-media la concurs pot include \u0219i subven\u021bii pentru componenta institu\u021bional\u0103 (structural\u0103). Ce ar presupune aceast\u0103 \u201ecomponent\u0103 institu\u021bional\u0103\u201d?<\/strong><\/p>\n\n\n\n<p>Cred c\u0103 este mai oportun s\u0103 vorbim despre acest aspect dup\u0103 ce legea va fi votat\u0103 \u00een lectur\u0103 final\u0103.<\/p>\n\n\n\n<p><strong>Proiectul prevede \u0219i inexisten\u021ba unor \u201edecizii de constatare a \u00eenc\u0103lc\u0103rii grave a prevederilor Codului deontologic al jurnalistului din Republica Moldova, emise de Consiliul de Pres\u0103\u201d. Cum \u0219i cine va decide c\u00e2t de grav\u0103 e o \u00eenc\u0103lcare?&nbsp;<\/strong><\/p>\n\n\n\n<p>Nu Ministerul Culturii va decide acest fapt, ci un consiliu de exper\u021bi reprezentativ, care va fi selectat de Consiliul de Pres\u0103, autoritatea de autoreglementare cu care vom colabora \u00een permanen\u021b\u0103. Restul aspectelor se vor reg\u0103si \u00een regulamentele \u0219i mecanismele care urmeaz\u0103 s\u0103 fie elaborate de viitoarea direc\u021bie de la minister.<\/p>\n\n\n\n<p><strong>Cum urmeaz\u0103 Ministerul Culturii s\u0103 se asigure c\u0103 mijloacele vor fi distribuite c\u0103tre institu\u021biile mass-media care cu adev\u0103rat au nevoie?<\/strong><\/p>\n\n\n\n<p>\u0218i aceast\u0103 activitate va fi pus\u0103 \u00een sarcina Consiliului de exper\u021bi.&nbsp;<\/p>\n\n\n\n<p><strong>V-a\u021bi g\u00e2ndit la un mecanism de monitorizare continu\u0103 a felului \u00een care s-au realizat proiectele ce au beneficiat de sprijin? Exist\u0103 suficiente resurse umane care s\u0103 stea pe aceste dosare, s\u0103 analizeze cum s-a implementat fiecare proiect, pe ce anume s-a cheltuit fiecare leu etc.?<\/strong><\/p>\n\n\n\n<p>Nu pot dec\u00e2t s\u0103 repet ce am spus mai devreme: scopul \u0219i misiunea noastr\u0103 este s\u0103 elabor\u0103m regulamente \u0219i mecanisme clare pentru toate, inclusiv cele mai sensibile, aspecte, necesare pentru buna implementare a acestei ini\u021biative. Iar regulamentele \u0219i mecanismele cu pricina urmeaz\u0103 s\u0103 fie elaborate de viitoarea direc\u021bie.<\/p>\n\n\n<div class=\"wp-block-image\">\n<figure class=\"alignright size-large is-resized\"><img loading=\"lazy\" decoding=\"async\" width=\"1024\" height=\"683\" src=\"https:\/\/media-azi.md\/wp-content\/uploads\/2024\/01\/378352594_328641029676898_8320547137093934063_n-2-1024x683.jpeg\" alt=\"\" class=\"wp-image-9241\" style=\"width:503px;height:auto\"\/><\/figure>\n<\/div>\n\n\n<p><strong>Pe masa Dvs. mai exist\u0103 o ini\u021biativ\u0103 ce vizeaz\u0103 mass-media &#8211; mai exact, televiziunile &#8211; \u0219i care \u021bine de crearea Fondului cinematografiei, la care s\u0103 contribuie inclusiv posturile TV. \u00cent\u00e2i de toate, <\/strong><strong>de ce e nevoie de acest fond?<\/strong><\/p>\n\n\n\n<p>Despre Fondul cinematografiei se discut\u0103 de cel pu\u021bin zece ani. Atunci c\u00e2nd a fost elaborat\u0103 Legea cinematografiei, ast\u0103zi \u00een vigoare, cel mai important lucru din ea era tocmai Fondul &#8211; c\u0103ci legea spune cine, c\u00e2t \u0219i \u00een baza la ce transfer\u0103 bani \u00een el. \u00cen \u021b\u0103rile cu economie dezvoltat\u0103 sunt, de obicei, taxate viciile &#8211; alcoolul, \u021big\u0103rile, jocurile de noroc &#8211; \u0219i ace\u0219ti bani ajung \u00een Fondul cinematografiei. \u00cen alte \u021b\u0103ri, precum Polonia, posturile TV sunt cele care contribuie la suplinirea Fondului. Or, s\u0103 vorbim despre dezvoltarea cinematografiei \u00een lipsa unui Fond e un nonsens. Am insistat pe acest fapt \u00eenc\u0103 \u00een 2014. \u00cens\u0103, deja la adoptarea legii, referirile la Fond au fost excluse, p\u0103str\u00e2ndu-se ideea cre\u0103rii Centrului na\u021bional de cinematografie care, ca institu\u021bie a statului, s\u0103 amendeze legisla\u021bia \u00een scopul cre\u0103rii Fondului ulterior.&nbsp;<\/p>\n\n\n\n<p>De ce e nevoie de acest fond? \u00cenainte de toate, pentru c\u0103 produc\u021bia cinematografic\u0103 nu se \u00eencadreaz\u0103 \u00een no\u021biunea de an bugetar, de finan\u021bare din bugetul statului, pentru c\u0103 ar reie\u0219i c\u0103 un produc\u0103tor de film, care prime\u0219te bani din buget, este obligat s\u0103-i utilizeze p\u00e2n\u0103 la finalul acelui an financiar \u0219i s\u0103-i raporteze ca bani cheltui\u021bi. Dac\u0103 nu, bugetul se declar\u0103 nerealizat \u0219i se anuleaz\u0103, pentru c\u0103 anul viitor va fi alt an bugetar, cu alte sume bugetate etc. Pentru a schimba acest mecanism, avem nevoie de un fond unde se acumuleaz\u0103 banii <em>vii<\/em>. \u00cen prezent, \u00een Republica Moldova doar se mimeaz\u0103 sus\u021binerea artei cinematografice, pentru c\u0103 avem un sistem ce nu permite utilizarea banilor \u00een perspectiv\u0103. Nimeni \u00een lume nu face film din bani bugetari.<\/p>\n\n\n\n<p><strong>Potrivit ini\u021biativei, pe care \u0219tim c\u0103 a\u021bi discutat-o anterior cu reprezentan\u021bii mai multor posturi TV, se propune ca televiziunile &#8211; \u0219i publice, \u0219i private &#8211; s\u0103 verse \u00een acest fond 1% din v\u00e2nz\u0103rile de publicitate. De ce tocmai televiziunile? &nbsp;<\/strong><\/p>\n\n\n\n<p>\u0218i televiziunea, \u0219i cinematografia se \u00eencadreaz\u0103 \u00een no\u021biunea de audiovizual. A\u0219a e \u00een toat\u0103 lumea, doar la noi &#8211; nu. Dar orice televiziune generalist\u0103 st\u0103 pe trei piloni: \u0219tiri, emisiuni \u0219i filme. Trebuie s\u0103 dezvolt\u0103m aceast\u0103 latur\u0103 economic\u0103, pentru c\u0103 altfel vom fi domina\u021bi de alte interese. Televiziunile trebuie s\u0103 aib\u0103 programe de filme autohtone, iar statul trebuie s\u0103 protejeze acest spa\u021biu, s\u0103 taxeze utilizarea cinematografiei \u0219i s\u0103 foloseasc\u0103 banii \u00een cauz\u0103 pentru dezvoltarea acestui sector. \u00cen plus, \u0219i posturile TV vor putea beneficia, \u00een baz\u0103 de concurs, de resursele Fondului, ca s\u0103 produc\u0103 propriile filme. Repet, a\u0219a se \u00eent\u00e2mpl\u0103 \u00een toat\u0103 lumea. Televiziunile noastre nu vor putea dezvolta propria produc\u021bie de film at\u00e2ta timp c\u00e2t nu vor avea acces la un fond care s\u0103 permit\u0103 astfel de produc\u021bii. Pe filme str\u0103ine, cump\u0103rate \u0219i difuzate aici masiv, nu vom ajunge departe, e o direc\u021bie moart\u0103.<\/p>\n\n\n\n<p><strong>Unii manageri de televiziuni critic\u0103 ideea, argument\u00e2nd c\u0103 prevederea \u00een cauz\u0103 ar pune o presiune financiar\u0103 enorm\u0103 pe posturile independente, care nu sunt nici pe departe un business profitabil \u00een prezent. Cum le r\u0103spunde\u021bi?&nbsp;<\/strong><\/p>\n\n\n\n<p>A fost abia o prim\u0103 discu\u021bie, informal\u0103 \u0219i colegial\u0103, \u00een \u00eencercarea de a g\u0103si solu\u021bii pentru a debloca acest proces \u0219i a cre\u0219te pia\u021ba \u00eempreun\u0103. Se pare \u00eens\u0103 c\u0103 noi, ca societate, suntem at\u00e2t de speria\u021bi, \u00eenc\u00e2t reac\u021bion\u0103m reticent la orice propunere. Le-am mul\u021bumit colegilor din TV pentru discu\u021bie \u0219i pentru c\u0103, fiind cu m\u00e2na pe puls, ne-au sugerat c\u00e2teva direc\u021bii de perspectiv\u0103, pe care nu le-am fi descoperit f\u0103r\u0103 ei. Iar, pentru claritate, voi men\u021biona c\u0103 ne afl\u0103m \u00een punctul \u00een care nimic \u00eenc\u0103 nu e b\u0103tut \u00een cuie. Nici m\u0103car contribu\u021bia \u00een sine &#8211; c\u0103 este 1% sau 0,1%, sau 2%. Toate aceste aspecte trebuie discutate \u0219i discutate \u00eempreun\u0103: ce vrem?; c\u00e2\u021bi bani vrem s\u0103 adun\u0103m \u00een acest Fond?; de c\u00e2\u021bi bani este nevoie? Important e ca, \u00eentr-un final, s\u0103 avem o lege acceptat\u0103 de to\u021bi actorii viza\u021bi, iar implementarea ei s\u0103 conduc\u0103 spre o dezvoltare logic\u0103 a domeniului. \u0218i, atunci c\u00e2nd se va \u00eencheia tot acest proces, vom prezenta proiectul de lege \u00een spa\u021biul public, vom aduna recenziile \u0219i le vom analiza.&nbsp;<\/p>\n\n\n\n<p><strong>Criticile vin \u0219i \u00een contextul unei pie\u021be de publicitate aflate \u00een declin, spun reprezentan\u021bii posturilor TV &#8211; o pia\u021b\u0103 distorsionat\u0103, cu competi\u021bie neloial\u0103 \u0219i \u00een care este foarte complicat s\u0103 lupte pentru bugete foarte mici de publicitate.<\/strong><\/p>\n\n\n\n<p>Situa\u021bia actual\u0103 cu sc\u0103derea bugetelor nu \u021bine doar de criza economic\u0103 \u0219i nu sunt doar r\u0103zboiul, pandemia sau online-ul de vin\u0103 &#8211; este \u0219i lipsa de viziune a juc\u0103torilor de pe pia\u021b\u0103. Televiziunile, din p\u0103cate, de multe ori au sc\u0103zut pia\u021ba publicitar\u0103 prin faptul c\u0103 au f\u0103cut risip\u0103 de timp de publicitate, oferindu-l la pre\u021buri mult prea mici. Aici se adaug\u0103, bine\u00een\u021beles, \u0219i concuren\u021ba neloial\u0103, \u0219i influen\u021ba factorului politic. Ne amintim cu to\u021bii situa\u021bia c\u00e2nd, la \u00eenceputul invaziei ruse \u00een Ucraina, mai mul\u021bi clien\u021bi \u0219i-au retras publicitatea tocmai de la posturile de televiziune care reflectau obiectiv agresiunea militar\u0103 rus\u0103 \u0219i care, de facto, \u00eei spuneau pe nume &#8211; \u201er\u0103zboi\u201d. Este o situa\u021bie inadmisibil\u0103 \u0219i e nevoie de reglement\u0103ri care s\u0103 exclud\u0103 repetarea ei.<\/p>\n\n\n<div class=\"wp-block-image\">\n<figure class=\"alignleft size-large is-resized\"><img loading=\"lazy\" decoding=\"async\" width=\"1024\" height=\"683\" src=\"https:\/\/media-azi.md\/wp-content\/uploads\/2024\/01\/384734276_329267852947549_2295251968107220422_n-1-1024x683.jpeg\" alt=\"\" class=\"wp-image-9244\" style=\"width:475px;height:auto\"\/><\/figure>\n<\/div>\n\n\n<p><strong>Ave\u021bi un termen pentru adoptarea acestui proiect de lege?&nbsp;<\/strong><\/p>\n\n\n\n<p>Sper ca legea s\u0103 fie adoptat\u0103 \u00een primul trimestru al acestui an \u0219i s\u0103 \u00eenceap\u0103 c\u00e2t mai cur\u00e2nd s\u0103 func\u021bioneze. Fondul cinematografiei va exista pe l\u00e2ng\u0103 Centrul na\u021bional de cinematografie (CNC), care va fi \u0219i interfa\u021ba administrativ\u0103 a acestuia. CNC este institu\u021bia care, \u00een prezent, organizeaz\u0103 concursurile de jurizare pentru proiectele de filme, av\u00e2nd un consiliu permanent, la care vine rezultatul unui concurs (punctajul) \u0219i care atribuie sumele necesare. La modul practic, trebuie s\u0103 cre\u0103m acest fond &#8211; juridic vorbind &#8211; \u0219i s\u0103 deschidem un cont bancar unde s\u0103 se adune ace\u0219ti bani.<\/p>\n\n\n\n<p>Recunosc, este dificil s\u0103 ob\u021bii rezultate, c\u00e2nd din start te ciocne\u0219ti cu reac\u021bii ostile: \u201eNoi suntem arti\u0219ti, deci statul s\u0103 ne dea! De unde? Nu ne intereseaz\u0103! Noi \u0219i a\u0219a o ducem greu, dar statul vrea s\u0103 ne ia&#8230;\u201d. Nu vrea acest stat s\u0103 ia nimic de la nimeni, inclusiv de la posturile TV. Dimpotriv\u0103, prin Fondul cinematografiei ne dorim s\u0103 oferim un mecanism de colectare de fonduri, respectiv de acces la resurse pentru propria produc\u021bie (cinematografic\u0103) \u0219i un sistem de ajutor financiar, de stimulare.&nbsp;<\/p>\n\n\n\n<p>Obiectivul nostru e ca acest lucru s\u0103 fie \u00een\u021beles \u0219i, \u00eentr-un final, acceptat \u0219i pus \u00een practic\u0103 de toate industriile interesate &#8211; televiziune, film \u0219i publicitate. \u0218i vom face oric\u00e2te \u0219edin\u021be, oric\u00e2te discu\u021bii va fi nevoie pentru asta. Nu putem s\u0103 fierbem la nesf\u00e2r\u0219it \u00een oala vechiului sistem, avem nevoie de schimbare pentru a progresa.<\/p>\n","protected":false},"excerpt":{"rendered":"<p>\u00cencep\u00e2nd cu 2024, Ministerul Culturii este autoritatea responsabil\u0103 de politicile din domeniul mass-media \u00een Republica Moldova. Totodat\u0103, pe masa institu\u021biei se afl\u0103 \u0219i alte ini\u021biative care vizeaz\u0103 direct presa. La ce etap\u0103 sunt acestea, Media Azi a \u00eencercat s\u0103 afle de la ministrul Culturii, Sergiu Prodan. Media Azi: Domnule ministru, din acest an, Ministerul Culturii &hellip;<\/p>\n","protected":false},"author":2,"featured_media":9206,"comment_status":"closed","ping_status":"open","sticky":false,"template":"","format":"standard","meta":{"_acf_changed":false,"_uag_custom_page_level_css":"","_FSMCFIC_featured_image_caption":"","_FSMCFIC_featured_image_nocaption":"","_FSMCFIC_featured_image_hide":"","footnotes":""},"categories":[123],"tags":[833,1247,1248,1249,1177,1186,834,1250,1251,844,832],"class_list":["post-9334","post","type-post","status-publish","format-standard","has-post-thumbnail","hentry","category-interviews","tag-canale-tv-moldova-en","tag-cinematografie-en","tag-filme-moldova-en","tag-fondul-cinematografiei-en","tag-mass-media-moldova-en","tag-ministerul-culturii-en","tag-posturi-tv-en","tag-publicitate-en","tag-sergiu-prodan-en","tag-televiziuni-moldova-en","tag-tv-moldova-en"],"acf":[],"uagb_featured_image_src":{"full":["https:\/\/media-azi.md\/wp-content\/uploads\/2024\/01\/384201985_328639769677024_2021925641801247516_n.jpeg",2048,1365,false],"thumbnail":["https:\/\/media-azi.md\/wp-content\/uploads\/2024\/01\/384201985_328639769677024_2021925641801247516_n-150x150.jpeg",150,150,true],"medium":["https:\/\/media-azi.md\/wp-content\/uploads\/2024\/01\/384201985_328639769677024_2021925641801247516_n-300x200.jpeg",300,200,true],"medium_large":["https:\/\/media-azi.md\/wp-content\/uploads\/2024\/01\/384201985_328639769677024_2021925641801247516_n-768x512.jpeg",768,512,true],"large":["https:\/\/media-azi.md\/wp-content\/uploads\/2024\/01\/384201985_328639769677024_2021925641801247516_n-1024x683.jpeg",1024,683,true],"1536x1536":["https:\/\/media-azi.md\/wp-content\/uploads\/2024\/01\/384201985_328639769677024_2021925641801247516_n-1536x1024.jpeg",1536,1024,true],"2048x2048":["https:\/\/media-azi.md\/wp-content\/uploads\/2024\/01\/384201985_328639769677024_2021925641801247516_n.jpeg",2048,1365,false],"jannah-image-small":["https:\/\/media-azi.md\/wp-content\/uploads\/2024\/01\/384201985_328639769677024_2021925641801247516_n-220x150.jpeg",220,150,true],"jannah-image-large":["https:\/\/media-azi.md\/wp-content\/uploads\/2024\/01\/384201985_328639769677024_2021925641801247516_n-390x220.jpeg",390,220,true],"jannah-image-post":["https:\/\/media-azi.md\/wp-content\/uploads\/2024\/01\/384201985_328639769677024_2021925641801247516_n-780x470.jpeg",780,470,true],"awsm_team":["https:\/\/media-azi.md\/wp-content\/uploads\/2024\/01\/384201985_328639769677024_2021925641801247516_n-500x500.jpeg",500,500,true]},"uagb_author_info":{"display_name":"Victoria Dodon","author_link":"https:\/\/media-azi.md\/en\/author\/vdodon\/"},"uagb_comment_info":0,"uagb_excerpt":"\u00cencep\u00e2nd cu 2024, Ministerul Culturii este autoritatea responsabil\u0103 de politicile din domeniul mass-media \u00een Republica Moldova. Totodat\u0103, pe masa institu\u021biei se afl\u0103 \u0219i alte ini\u021biative care vizeaz\u0103 direct presa. La ce etap\u0103 sunt acestea, Media Azi a \u00eencercat s\u0103 afle de la ministrul Culturii, Sergiu Prodan. Media Azi: Domnule ministru, din acest an, Ministerul Culturii&hellip;","amp_enabled":true,"_links":{"self":[{"href":"https:\/\/media-azi.md\/en\/wp-json\/wp\/v2\/posts\/9334","targetHints":{"allow":["GET"]}}],"collection":[{"href":"https:\/\/media-azi.md\/en\/wp-json\/wp\/v2\/posts"}],"about":[{"href":"https:\/\/media-azi.md\/en\/wp-json\/wp\/v2\/types\/post"}],"author":[{"embeddable":true,"href":"https:\/\/media-azi.md\/en\/wp-json\/wp\/v2\/users\/2"}],"replies":[{"embeddable":true,"href":"https:\/\/media-azi.md\/en\/wp-json\/wp\/v2\/comments?post=9334"}],"version-history":[{"count":1,"href":"https:\/\/media-azi.md\/en\/wp-json\/wp\/v2\/posts\/9334\/revisions"}],"predecessor-version":[{"id":9338,"href":"https:\/\/media-azi.md\/en\/wp-json\/wp\/v2\/posts\/9334\/revisions\/9338"}],"wp:featuredmedia":[{"embeddable":true,"href":"https:\/\/media-azi.md\/en\/wp-json\/wp\/v2\/media\/9206"}],"wp:attachment":[{"href":"https:\/\/media-azi.md\/en\/wp-json\/wp\/v2\/media?parent=9334"}],"wp:term":[{"taxonomy":"category","embeddable":true,"href":"https:\/\/media-azi.md\/en\/wp-json\/wp\/v2\/categories?post=9334"},{"taxonomy":"post_tag","embeddable":true,"href":"https:\/\/media-azi.md\/en\/wp-json\/wp\/v2\/tags?post=9334"}],"curies":[{"name":"wp","href":"https:\/\/api.w.org\/{rel}","templated":true}]}}