{"id":3776,"date":"2022-03-28T13:09:27","date_gmt":"2022-03-28T10:09:27","guid":{"rendered":"https:\/\/media-azi.md\/un-interviu-acordat-presei-ruse-de-catre-presedintele-ucrainean-volodymyr-zelensky-a-fost-interzis-de-catre-roscomnadzor-si-este-evaluat-juridic-de-catre-procuratura\/"},"modified":"2022-04-08T16:02:19","modified_gmt":"2022-04-08T13:02:19","slug":"un-interviu-acordat-presei-ruse-de-catre-presedintele-ucrainean-volodymyr-zelensky-a-fost-interzis-de-catre-roscomnadzor-si-este-evaluat-juridic-de-catre-procuratura","status":"publish","type":"post","link":"https:\/\/media-azi.md\/en\/un-interviu-acordat-presei-ruse-de-catre-presedintele-ucrainean-volodymyr-zelensky-a-fost-interzis-de-catre-roscomnadzor-si-este-evaluat-juridic-de-catre-procuratura\/","title":{"rendered":"An interview given to Russian media by Ukrainian President Volodymyr Zelensky has been banned by Roskomnadzor and is being \u201clegally assessed\u201d by the prosecutor\u2019s office"},"content":{"rendered":"\n<p><strong>Procuratura General\u0103 din Rusia a anun\u021bat c\u0103 va face o analiz\u0103 juridic\u0103 a faptului public\u0103rii \u0219i a con\u021binutului interviului acordat de pre\u0219edintele Ucrainei, Volodimir Zelenski, mai multor institu\u021bii media ruse\u0219ti, inclusiv celor care sunt calificate de organele de drept din Rusia drept \u201eagen\u021bi str\u0103ini\u201d, scrie <a href=\"https:\/\/tass.ru\/proisshestviya\/14198313?utm_source=google.com&amp;utm_medium=organic&amp;utm_campaign=google.com&amp;utm_referrer=google.com\">TASS<\/a>.<\/strong><\/p>\n\n\n\n<p>Potrivit comunicatului procuratorii, decizia de a realiza \u201eevaluarea juridic\u0103\u201d a interviului a fost luat\u0103 \u201e\u00een contextul propagandei \u00een mas\u0103 anti-ruse \u0219i a post\u0103rii sistematice de informa\u021bii false despre ac\u021biunile Federa\u021biei Ruse \u00een leg\u0103tur\u0103 cu opera\u021biunea militar\u0103 special\u0103 desf\u0103\u0219urat\u0103 de For\u021bele Armate ale Federa\u021biei Ruse\u201d.<\/p>\n\n\n\n<p>Prima reac\u021bie a venit \u00eens\u0103 de la Roskomnadzor, care a avertizat presa rus\u0103 despre necesitatea de a refuza publicarea acestui interviu, men\u021bion\u00e2nd c\u0103 \u201e\u00een raport cu mass-media care a realizat interviul a demarat un control pentru a determina gradul de responsabilitate \u0219i a lua m\u0103suri de r\u0103spuns\u201d.<\/p>\n\n\n\n<p>Volodimir Zelenski &nbsp;a fost intervievat, pe 27 martie, pentru prima dat\u0103 de c\u0103tre jurnali\u0219ti ru\u0219i, dup\u0103 declan\u0219area r\u0103zboiului \u00een Ucraina. Jurnali\u0219tii care i-au adresat \u00eentreb\u0103ri online &#8211; Ivan Kolpakov, redactor-\u0219ef al Meduza, Tihon Dziadko, redactor-\u0219ef al canalului de televiziune Dojdi, scriitorul \u0219i jurnalistul Mihail Z\u00eegar (canalul YouTube \u201eZygar&#8221;) \u0219i Vladimir Soloviov, corespondent al Kommersant au promis c\u0103 interviul va fi publicat integral \u00een publica\u021biile pe care le reprezint\u0103.<\/p>\n\n\n\n<p>\u00cen urma interdic\u021biilor impuse de Roskomnadzor, Novaia Gazeta (redactorul-\u0219ef Dmitri Muratov a transmis \u00eentreb\u0103rile pentru interviu \u00een form\u0103 scris\u0103) a publicat \u00een locul interviului <a href=\"https:\/\/novayagazeta.ru\/articles\/2022\/03\/28\/roskomnadzor-zablokiroval-sait-ekaterinburgskogo-izdaniia-its-my-city-news\">Nota<\/a> primit\u0103 de la Roskomnadzor. Publica\u021bia Komersant.ru nu a publicat interviul, dar materialul a ap\u0103rut pe portalul <a href=\"https:\/\/newsmaker.md\/rus\/novosti\/video-vladimir-zelenskiy-dal-intervyu-rossiyskim-zhurnalistam\/\">NewsMaker.md<\/a>, al c\u0103rui fondator este Vladimir Soloviov. Jurnali\u0219tii&nbsp; <a href=\"https:\/\/www.youtube.com\/watch?v=n0jyxLQ2Z5o\" class=\"ek-link\">Tihon Dziadko<\/a> \u0219i&nbsp; <a href=\"https:\/\/www.youtube.com\/watch?v=BlsFK-evlKk\" class=\"ek-link\">Mihail Z\u00eegar<\/a> au postat interviul pe YouTube, iar <a href=\"https:\/\/meduza.io\/feature\/2022\/03\/27\/eto-ne-prosto-voyna-vse-gorazdo-huzhe\">Meduza.io<\/a> a f\u0103cut transcrierea interviului pe site-ul s\u0103u.<\/p>\n\n\n\n<p>Reac\u021bia pre\u0219edintelui ucrainean este citat\u0103 de <a href=\"https:\/\/meduza.io\/news\/2022\/03\/28\/eto-bylo-by-smeshno-esli-by-ne-bylo-tak-tragichno-zelenskiy-o-popytke-zapretit-ego-intervyu-rossiyskim-zhurnalistam\">Meduza.io<\/a>: \u201eAu omor\u00e2t libertatea exprim\u0103rii \u00een \u021bara sa\u201d, ar fi declarat Zelenski.<\/p>\n","protected":false},"excerpt":{"rendered":"<p>Procuratura General\u0103 din Rusia a anun\u021bat c\u0103 va face o analiz\u0103 juridic\u0103 a faptului public\u0103rii \u0219i a con\u021binutului interviului acordat de pre\u0219edintele Ucrainei, Volodimir Zelenski, mai multor institu\u021bii media ruse\u0219ti, inclusiv celor care sunt calificate de organele de drept din Rusia drept \u201eagen\u021bi str\u0103ini\u201d, scrie TASS. Potrivit comunicatului procuratorii, decizia de a realiza \u201eevaluarea juridic\u0103\u201d &hellip;<\/p>\n","protected":false},"author":3,"featured_media":3546,"comment_status":"closed","ping_status":"open","sticky":false,"template":"","format":"standard","meta":{"_acf_changed":false,"_uag_custom_page_level_css":"","_FSMCFIC_featured_image_caption":"","_FSMCFIC_featured_image_nocaption":"","_FSMCFIC_featured_image_hide":"","footnotes":""},"categories":[112],"tags":[],"class_list":["post-3776","post","type-post","status-publish","format-standard","has-post-thumbnail","hentry","category-news"],"acf":[],"uagb_featured_image_src":{"full":["https:\/\/media-azi.md\/wp-content\/uploads\/2022\/03\/zelenski.png",1279,659,false],"thumbnail":["https:\/\/media-azi.md\/wp-content\/uploads\/2022\/03\/zelenski-150x150.png",150,150,true],"medium":["https:\/\/media-azi.md\/wp-content\/uploads\/2022\/03\/zelenski-300x155.png",300,155,true],"medium_large":["https:\/\/media-azi.md\/wp-content\/uploads\/2022\/03\/zelenski-768x396.png",768,396,true],"large":["https:\/\/media-azi.md\/wp-content\/uploads\/2022\/03\/zelenski-1024x528.png",1024,528,true],"1536x1536":["https:\/\/media-azi.md\/wp-content\/uploads\/2022\/03\/zelenski.png",1279,659,false],"2048x2048":["https:\/\/media-azi.md\/wp-content\/uploads\/2022\/03\/zelenski.png",1279,659,false],"jannah-image-small":["https:\/\/media-azi.md\/wp-content\/uploads\/2022\/03\/zelenski-220x150.png",220,150,true],"jannah-image-large":["https:\/\/media-azi.md\/wp-content\/uploads\/2022\/03\/zelenski-390x220.png",390,220,true],"jannah-image-post":["https:\/\/media-azi.md\/wp-content\/uploads\/2022\/03\/zelenski-780x470.png",780,470,true],"awsm_team":["https:\/\/media-azi.md\/wp-content\/uploads\/2022\/03\/zelenski-500x500.png",500,500,true]},"uagb_author_info":{"display_name":"DISABLED Gancev Vasile","author_link":"https:\/\/media-azi.md\/en\/author\/vgancev\/"},"uagb_comment_info":0,"uagb_excerpt":"Procuratura General\u0103 din Rusia a anun\u021bat c\u0103 va face o analiz\u0103 juridic\u0103 a faptului public\u0103rii \u0219i a con\u021binutului interviului acordat de pre\u0219edintele Ucrainei, Volodimir Zelenski, mai multor institu\u021bii media ruse\u0219ti, inclusiv celor care sunt calificate de organele de drept din Rusia drept \u201eagen\u021bi str\u0103ini\u201d, scrie TASS. Potrivit comunicatului procuratorii, decizia de a realiza \u201eevaluarea juridic\u0103\u201d&hellip;","amp_enabled":true,"_links":{"self":[{"href":"https:\/\/media-azi.md\/en\/wp-json\/wp\/v2\/posts\/3776","targetHints":{"allow":["GET"]}}],"collection":[{"href":"https:\/\/media-azi.md\/en\/wp-json\/wp\/v2\/posts"}],"about":[{"href":"https:\/\/media-azi.md\/en\/wp-json\/wp\/v2\/types\/post"}],"author":[{"embeddable":true,"href":"https:\/\/media-azi.md\/en\/wp-json\/wp\/v2\/users\/3"}],"replies":[{"embeddable":true,"href":"https:\/\/media-azi.md\/en\/wp-json\/wp\/v2\/comments?post=3776"}],"version-history":[{"count":1,"href":"https:\/\/media-azi.md\/en\/wp-json\/wp\/v2\/posts\/3776\/revisions"}],"predecessor-version":[{"id":3779,"href":"https:\/\/media-azi.md\/en\/wp-json\/wp\/v2\/posts\/3776\/revisions\/3779"}],"wp:featuredmedia":[{"embeddable":true,"href":"https:\/\/media-azi.md\/en\/wp-json\/wp\/v2\/media\/3546"}],"wp:attachment":[{"href":"https:\/\/media-azi.md\/en\/wp-json\/wp\/v2\/media?parent=3776"}],"wp:term":[{"taxonomy":"category","embeddable":true,"href":"https:\/\/media-azi.md\/en\/wp-json\/wp\/v2\/categories?post=3776"},{"taxonomy":"post_tag","embeddable":true,"href":"https:\/\/media-azi.md\/en\/wp-json\/wp\/v2\/tags?post=3776"}],"curies":[{"name":"wp","href":"https:\/\/api.w.org\/{rel}","templated":true}]}}